{"id":120116,"date":"2026-05-02T00:11:36","date_gmt":"2026-05-01T22:11:36","guid":{"rendered":"https:\/\/www.festivalz.org\/juntes-anem-mes-lluny-cronica-de-la-jornada-sobre-internacionalitzacio-amb-linstitut-ramon-llull-el-festival-z-i-lultima-merda\/"},"modified":"2026-05-02T00:29:32","modified_gmt":"2026-05-01T22:29:32","slug":"juntas-llegamos-mas-lejos-cronica-de-la-jornada-sobre-internacionalizacion-con-el-institut-ramon-llull-el-festival-z-y-lultima-merda","status":"publish","type":"post","link":"https:\/\/www.festivalz.org\/es\/juntas-llegamos-mas-lejos-cronica-de-la-jornada-sobre-internacionalizacion-con-el-institut-ramon-llull-el-festival-z-y-lultima-merda\/","title":{"rendered":"\u00a1Juntas llegamos m\u00e1s lejos! Cr\u00f3nica de la jornada sobre internacionalizaci\u00f3n con el Institut Ramon Llull, el Festival Z y L\u2019\u00daltima Merda"},"content":{"rendered":"<div class=\"wpb-content-wrapper\"><p>[vc_row unlock_row=\u00bb\u00bb row_height_percent=\u00bb0&#8243; override_padding=\u00bbyes\u00bb h_padding=\u00bb3&#8243; top_padding=\u00bb0&#8243; bottom_padding=\u00bb0&#8243; overlay_alpha=\u00bb50&#8243; equal_height=\u00bbyes\u00bb gutter_size=\u00bb4&#8243; column_width_percent=\u00bb100&#8243; shift_y=\u00bb0&#8243; z_index=\u00bb0&#8243; el_class=\u00bbinverted-device-order\u00bb uncode_shortcode_id=\u00bb142871&#8243;][vc_column column_width_percent=\u00bb100&#8243; position_horizontal=\u00bbleft\u00bb gutter_size=\u00bb3&#8243; style=\u00bblight\u00bb overlay_alpha=\u00bb50&#8243; shift_x=\u00bb0&#8243; shift_y=\u00bb0&#8243; shift_y_down=\u00bb0&#8243; z_index=\u00bb0&#8243; medium_width=\u00bb0&#8243; mobile_width=\u00bb0&#8243; width=\u00bb1\/1&#8243; uncode_shortcode_id=\u00bb146938&#8243;][vc_empty_space empty_h=\u00bb1&#8243;][vc_column_text text_color=\u00bbcolor-jevc\u00bb uncode_shortcode_id=\u00bb833366&#8243; css=\u00bb.vc_custom_1777673878986{margin-bottom: -25px !important;}\u00bb text_color_type=\u00bbuncode-palette\u00bb]<\/p>\n<h1>\u00a1Juntas llegamos m\u00e1s lejos! Cr\u00f3nica de la jornada sobre internacionalizaci\u00f3n con el Institut Ramon Llull, el Festival Z y L\u2019\u00daltima Merda<\/h1>\n<p>[\/vc_column_text][vc_column_text text_color=\u00bbaccent\u00bb uncode_shortcode_id=\u00bb205278&#8243; css=\u00bb.vc_custom_1777673568587{margin-bottom: -25px !important;}\u00bb text_color_type=\u00bbuncode-palette\u00bb]<\/p>\n<h5 style=\"color: #ff00ce;\"><b>02.05.26<\/b><\/h5>\n<p>[\/vc_column_text][vc_separator sep_color=\u00bb\u00bb uncode_shortcode_id=\u00bb328163&#8243; el_width=\u00bb100%\u00bb el_height=\u00bb1px\u00bb][vc_row_inner][vc_column_inner column_width_percent=\u00bb100&#8243; gutter_size=\u00bb3&#8243; style=\u00bblight\u00bb overlay_alpha=\u00bb50&#8243; shift_x=\u00bb0&#8243; shift_y=\u00bb0&#8243; shift_y_down=\u00bb0&#8243; z_index=\u00bb0&#8243; medium_width=\u00bb0&#8243; mobile_width=\u00bb0&#8243; width=\u00bb1\/1&#8243; uncode_shortcode_id=\u00bb826328&#8243; css=\u00bb.vc_custom_1743759108655{border-top-width: 1px !important;border-right-width: 1px !important;border-bottom-width: 1px !important;border-left-width: 1px !important;}\u00bb][vc_column_text uncode_shortcode_id=\u00bb164717&#8243;]<\/p>\n<p data-path-to-node=\"3\">El pasado 18 de marzo tuvo lugar una jornada de intercambio y aprendizaje mutuo sobre internacionalizaci\u00f3n en artes esc\u00e9nicas, coimpulsada por el <strong>Institut Ramon Llull<\/strong> y el <strong>Festival Z<\/strong> y dinamizada por <strong>L\u2019\u00daltima Merda Col\u00b7lectiu<\/strong>. La actividad dur\u00f3 de las diez de la ma\u00f1ana a las cinco de la tarde (\u00a1con brunch incluido!), y cont\u00f3 con la participaci\u00f3n especial de <strong>David Marin (Nau Ivanow)<\/strong>, <strong>N\u00faria Ramis (Festival Grec)<\/strong>, <strong>Jordi Duran (Festival MAC y Festival de Navidad de Barcelona &#8211; ICUB)<\/strong> y <strong>Ester Campabadal (ICEC)<\/strong>, as\u00ed como con <strong>una decena de compa\u00f1\u00edas y artistas j\u00f3venes<\/strong> vinculadas a los entornos del Festival Z, la escuela universitaria ERAM y la Nau Ivanow.<\/p>\n<p data-path-to-node=\"4\">Como suele pasar con las actividades de L\u2019\u00daltima Merda, la jornada empez\u00f3 moviendo el cuerpo, al ritmo de \u201cLa gira internacional de las divas\u201d, donde artistas y programadoras, j\u00f3venes y mayores, pudieron romper r\u00e1pidamente todas las barreras, sacando la estrella que cada una lleva dentro.<\/p>\n<p data-path-to-node=\"5\">Con la camiseta sudada y las verg\u00fcenzas fuera, arrancaron la jornada <strong>Teresa Carranza<\/strong> y <strong>Anna Monge<\/strong>, del \u00c1rea de Creaci\u00f3n del Institut Ramon Llull, que explicaron el funcionamiento del Institut y las diferentes l\u00edneas de apoyo que ofrece en el \u00e1mbito de las artes esc\u00e9nicas: apoyo a la creaci\u00f3n, exhibici\u00f3n, movilidad, traducci\u00f3n y subtitulaci\u00f3n, adem\u00e1s de residencias internacionales. Carranza destac\u00f3 la importancia que juega todo el ecosistema teatral en el \u00e1mbito de la internacionalizaci\u00f3n, la necesidad de ir a ferias y mercados y relacionarse.<\/p>\n<p data-path-to-node=\"6\">De hecho, algunas de las ayudas del ICEC, como explic\u00f3 Ester Campabadal, cubren tambi\u00e9n los gastos derivados de la prospecci\u00f3n (que no exhibici\u00f3n, como s\u00ed que hace el Llull) a estos festivales y ferias. Ojo, que a veces las ayudas tardan mucho en resolverse, alguien dir\u00eda que quiz\u00e1s demasiado, pero es el precio a pagar para hacer que todo sea lo m\u00e1ximo de riguroso y objetivo posible. \u201cNo es que sea lento, es transparente\u201d, destac\u00f3 Monge. \u00bfQuiz\u00e1s el problema de Rodalies tambi\u00e9n es una cuesti\u00f3n de transparencia, entonces?<\/p>\n<p>[\/vc_column_text][vc_gallery el_id=\u00bbgallery-958453445&#8243; type=\u00bbcarousel\u00bb medias=\u00bb120045,120050&#8243; carousel_lg=\u00bb4&#8243; carousel_md=\u00bb3&#8243; carousel_sm=\u00bb1&#8243; thumb_size=\u00bbone-one\u00bb gutter_size=\u00bb1&#8243; media_items=\u00bbmedia|lightbox|original\u00bb carousel_interval=\u00bb3000&#8243; carousel_navspeed=\u00bb400&#8243; carousel_nav=\u00bbyes\u00bb carousel_nav_skin=\u00bbdark\u00bb carousel_dots=\u00bbyes\u00bb carousel_dots_space=\u00bbyes\u00bb carousel_dots_mobile=\u00bbyes\u00bb stage_padding=\u00bb0&#8243; single_overlay_opacity=\u00bb50&#8243; single_text_anim_type=\u00bbbtt\u00bb single_h_align=\u00bbcenter\u00bb single_padding=\u00bb2&#8243; single_icon=\u00bbfa fa-search3&#8243; single_border=\u00bbyes\u00bb single_css_animation=\u00bbbottom-t-top\u00bb single_animation_delay=\u00bb200&#8243; lbox_caption=\u00bbyes\u00bb no_double_tap=\u00bbyes\u00bb carousel_rtl=\u00bb\u00bb single_title_uppercase=\u00bb\u00bb single_title_bold=\u00bb\u00bb single_title_serif=\u00bb\u00bb onclick=\u00bblink_image\u00bb custom_links_target=\u00bb_self\u00bb items=\u00bbeyI4ODY4X2kiOnsic2luZ2xlX3dpZHRoIjoiNCIsInNpbmdsZV9oZWlnaHQiOiI0In0sIjg4NjJfaSI6eyJzaW5nbGVfd2lkdGgiOiI0Iiwic2luZ2xlX2hlaWdodCI6IjQifSwiODg2MF9pIjp7InNpbmdsZV93aWR0aCI6IjQifX0=\u00bb single_half_padding=\u00bb\u00bb single_no_background=\u00bb\u00bb uncode_shortcode_id=\u00bb350851&#8243;][vc_column_text uncode_shortcode_id=\u00bb328656&#8243;]Todo se entiende mejor cuando lo pones a prueba. Antes de tener tiempo de olvidar las opciones de subvenciones, L&#8217;\u00daltima Merda propuso su cl\u00e1sico juego de acreditaciones. Todas las asistentes recib\u00edan una identidad ficticia a trav\u00e9s de la cual ten\u00edan que relacionarse con el resto, como si estuvieran en un mercado real. Compa\u00f1\u00edas bien estramb\u00f3ticas, agentes facilitadores de la internacionalizaci\u00f3n con nombres sospechosamente similares a la realidad, y otros festivales y espacios de todo el mundo. Quien hace m\u00e1s v\u00ednculos, gana.[\/vc_column_text][vc_column_text uncode_shortcode_id=\u00bb190043&#8243;]<\/p>\n<p style=\"font-weight: 400;\"><strong>LA RED LO ES TODO<\/strong><\/p>\n<p data-path-to-node=\"9\">Internacionalizarse es clave\u2026 pero, \u00bfqu\u00e9 quiere decir, exactamente? En la mesa redonda con David Marin, N\u00faria Ramis y Jordi Duran, los conceptos que m\u00e1s aparecieron fueron honestidad, mercados estrat\u00e9gicos y, sobre todo, <strong>red<\/strong>. Cuidar la red, conocer el entorno, es clave para una buena internacionalizaci\u00f3n. De hecho, en esta l\u00ednea, Marin distingue el concepto de <strong>internacionalizaci\u00f3n<\/strong> del de <strong>movilidad internacional<\/strong>. El primero tiene relaci\u00f3n con cuidar esta red, fomentar espacios de cuidados y de aprendizaje, trabajar con estrategia y escuchando cada territorio; el segundo, en cambio, supone solo buscar bolos en el extranjero. Para Marin, \u201cno tienes que ir a mercados y festivales esperando vender bolos, sino que son los espacios de cuidados, de enamorarse, de conocer gente, para despu\u00e9s m\u00e1s adelante ya hablar de colaboraciones\u201d. \u00bfLa clave en estos entornos? La constancia.<\/p>\n<p data-path-to-node=\"10\">Evidentemente que hay proyectos m\u00e1s f\u00e1ciles de internacionalizar que otros (un ejemplo son las propuestas de danza y circo, que normalmente no tienen texto y no necesitan traducci\u00f3n), pero Ramis destaca que en el mundo hay inter\u00e9s por conocer lo que pasa aqu\u00ed. Y la lengua, a veces puede ser una barrera m\u00e1s en nuestra casa que en Europa, donde est\u00e1n acostumbrados a leer sobret\u00edtulos. La creadora Llucia Cerd\u00e0, de la compa\u00f1\u00eda Sa Vorera des Tass\u00f3, comparte que el dialecto balear, que le hab\u00eda supuesto una barrera en su formaci\u00f3n en Barcelona, no tiene por qu\u00e9 ser ning\u00fan obst\u00e1culo a\u00f1adido en la otra punta del mundo, donde les da igual leer sobret\u00edtulos de una cosa o de otra.<\/p>\n<p data-path-to-node=\"11\">Hay que prestar atenci\u00f3n a cada territorio, destaca Duran \u00ablo que aqu\u00ed funciona en teatro de calle quiz\u00e1s no funciona en el Reino Unido, pero s\u00ed en Francia\u00bb. Conocer al otro es fundamental, a\u00f1adir\u00e1n Carranza y Campabadal m\u00e1s tarde, tenemos que saber qui\u00e9n es nuestro interlocutor, qu\u00e9 intereses tiene, y tener ganas de dialogar con \u00e9l, m\u00e1s all\u00e1 de vender nuestro proyecto. Preparar las reuniones y no ir a ciegas.<\/p>\n<p data-path-to-node=\"12\">Ahora bien, Campabadal nos aporta una dosis de realismo: so\u00f1ar est\u00e1 muy bien, pero no todos los proyectos son para el mercado internacional, y para rodar por el mundo \u201chay que tener m\u00fasculo\u201d. Primero, afiancemos nuestro proyecto aqu\u00ed, busqu\u00e9monos un equipo de producci\u00f3n, distribuci\u00f3n. Y cuando tengamos una estructura fuerte, entonces ser\u00e1 el momento de saltar fuera.<\/p>\n<p data-path-to-node=\"13\">Y cuando llegue el momento de saltar, seguir la intuici\u00f3n y dejarse acompa\u00f1ar de buenas aliadas. Algunos de los nombres que nos recomiendan nuestras expertas son <strong>Iva Horvat<\/strong>, de Art Republic (que ofrece mentor\u00edas, con un replanteamiento total del proyecto para encararlo a distribuci\u00f3n); la instituci\u00f3n belga <strong>CAMPO<\/strong> (espacio de residencia que acompa\u00f1a procesos largos de creaci\u00f3n y exhibici\u00f3n y que, atenci\u00f3n, tiene v\u00ednculo con La Caldera de Barcelona), o la gestora <strong>Irene Segura<\/strong> (embajadora clave para conocer el mercado del Reino Unido).<\/p>\n<p>[\/vc_column_text][vc_gallery el_id=\u00bbgallery-9584534459&#8243; type=\u00bbcarousel\u00bb medias=\u00bb120072,120077,120082,120088&#8243; carousel_lg=\u00bb4&#8243; carousel_md=\u00bb3&#8243; carousel_sm=\u00bb1&#8243; thumb_size=\u00bbone-one\u00bb gutter_size=\u00bb1&#8243; media_items=\u00bbmedia|lightbox|original\u00bb carousel_interval=\u00bb3000&#8243; carousel_navspeed=\u00bb400&#8243; carousel_nav=\u00bbyes\u00bb carousel_nav_skin=\u00bbdark\u00bb carousel_dots=\u00bbyes\u00bb carousel_dots_space=\u00bbyes\u00bb carousel_dots_mobile=\u00bbyes\u00bb stage_padding=\u00bb0&#8243; single_overlay_opacity=\u00bb50&#8243; single_text_anim_type=\u00bbbtt\u00bb single_h_align=\u00bbcenter\u00bb single_padding=\u00bb2&#8243; single_icon=\u00bbfa fa-search3&#8243; single_border=\u00bbyes\u00bb single_css_animation=\u00bbbottom-t-top\u00bb single_animation_delay=\u00bb200&#8243; lbox_caption=\u00bbyes\u00bb no_double_tap=\u00bbyes\u00bb carousel_rtl=\u00bb\u00bb single_title_uppercase=\u00bb\u00bb single_title_bold=\u00bb\u00bb single_title_serif=\u00bb\u00bb onclick=\u00bblink_image\u00bb custom_links_target=\u00bb_self\u00bb items=\u00bbeyI4ODY4X2kiOnsic2luZ2xlX3dpZHRoIjoiNCIsInNpbmdsZV9oZWlnaHQiOiI0In0sIjg4NjJfaSI6eyJzaW5nbGVfd2lkdGgiOiI0Iiwic2luZ2xlX2hlaWdodCI6IjQifSwiODg2MF9pIjp7InNpbmdsZV93aWR0aCI6IjQifX0=\u00bb single_half_padding=\u00bb\u00bb single_no_background=\u00bb\u00bb uncode_shortcode_id=\u00bb784747&#8243;][vc_column_text uncode_shortcode_id=\u00bb507179&#8243; css=\u00bb.vc_custom_1777674540073{margin-top: -15px !important;}\u00bb]<\/p>\n<p style=\"font-weight: 400;\"><b>INTERNACIONALIZACI\u00d3N <\/b><b><i>STARTER PACK<\/i><\/b><\/p>\n<p data-path-to-node=\"15\">Despu\u00e9s de la mesa redonda, pasamos al brunch en la terraza, bajo el sol y entre edificios modernistas, y despu\u00e9s nos regalamos todav\u00eda unas din\u00e1micas pl\u00e1sticas para hacer hervir el pensamiento desde las manos. Todo ello, para acabar con unos rincones de cuidados m\u00e1s personalizados donde grupos de tres o cuatro artistas podr\u00e1n compartir sus dudas a solas con las diversas expertas que han asistido a la jornada.<\/p>\n<p data-path-to-node=\"16\">Uno de estos rincones, por ejemplo, se centra en los errores m\u00e1s frecuentes que pueden darse al empezar a rodar por el mundo. Duran explica que cada pa\u00eds tiene sus c\u00f3digos sociales, y tambi\u00e9n sus legislaciones espec\u00edficas. Por ejemplo, aqu\u00ed tenemos muy arraigada la cultura del correfoc y de los diablos, pero en otras regiones pueden surgir muchos problemas legales con espect\u00e1culos que utilicen pirotecnia. Tambi\u00e9n, cada pa\u00eds tiene sus telara\u00f1as administrativas particulares, y aqu\u00ed hay que no pillarse los dedos con gastos asociados: riesgos laborales, p\u00f3lizas\u2026 Y, sobre todo, \u00a1hay que pactar el precio del cach\u00e9, siempre por escrito, y que sea inamovible! Sobre todo cuando hay aranceles o cambios de divisas.<\/p>\n<p data-path-to-node=\"17\">Que no te enga\u00f1en, la primera impresi\u00f3n cuenta. En un mundo en que \u201cno parecemos desesperadas, es que estamos desesperadas\u201d, como dice una de las artistas asistentes a la jornada, Gaia Bautista, tenemos que saber combinar la perseverancia con la paciencia. Marin nos lo recuerda: mirar a qui\u00e9n enviamos las cosas, no hacer mails gen\u00e9ricos, menos es m\u00e1s. Y sobre todo, insistir de manera razonable cuando no nos hacen caso, recordemos que al otro lado del ordenador hay una persona que tiene la responsabilidad de hacer su trabajo, pero que no deja de ser humana y tener sentimientos. No seamos como Bernie Sanders, insistiendo hasta el infinito; a veces un silencio de un programador puede ser interpretado como una respuesta elocuente.<\/p>\n<p>[\/vc_column_text][vc_gallery el_id=\u00bbgallery-95845344593&#8243; type=\u00bbcarousel\u00bb medias=\u00bb120093,120097&#8243; carousel_lg=\u00bb4&#8243; carousel_md=\u00bb3&#8243; carousel_sm=\u00bb1&#8243; thumb_size=\u00bbone-one\u00bb gutter_size=\u00bb1&#8243; media_items=\u00bbmedia|lightbox|original\u00bb carousel_interval=\u00bb3000&#8243; carousel_navspeed=\u00bb400&#8243; carousel_nav=\u00bbyes\u00bb carousel_nav_skin=\u00bbdark\u00bb carousel_dots=\u00bbyes\u00bb carousel_dots_space=\u00bbyes\u00bb carousel_dots_mobile=\u00bbyes\u00bb stage_padding=\u00bb0&#8243; single_overlay_opacity=\u00bb50&#8243; single_text_anim_type=\u00bbbtt\u00bb single_h_align=\u00bbcenter\u00bb single_padding=\u00bb2&#8243; single_icon=\u00bbfa fa-search3&#8243; single_border=\u00bbyes\u00bb single_css_animation=\u00bbbottom-t-top\u00bb single_animation_delay=\u00bb200&#8243; lbox_caption=\u00bbyes\u00bb no_double_tap=\u00bbyes\u00bb carousel_rtl=\u00bb\u00bb single_title_uppercase=\u00bb\u00bb single_title_bold=\u00bb\u00bb single_title_serif=\u00bb\u00bb onclick=\u00bblink_image\u00bb custom_links_target=\u00bb_self\u00bb items=\u00bbeyI4ODY4X2kiOnsic2luZ2xlX3dpZHRoIjoiNCIsInNpbmdsZV9oZWlnaHQiOiI0In0sIjg4NjJfaSI6eyJzaW5nbGVfd2lkdGgiOiI0Iiwic2luZ2xlX2hlaWdodCI6IjQifSwiODg2MF9pIjp7InNpbmdsZV93aWR0aCI6IjQifX0=\u00bb single_half_padding=\u00bb\u00bb single_no_background=\u00bb\u00bb uncode_shortcode_id=\u00bb780018&#8243;][vc_column_text uncode_shortcode_id=\u00bb917284&#8243; css=\u00bb.vc_custom_1777674556089{margin-top: -15px !important;}\u00bb]<\/p>\n<p style=\"font-weight: 400;\">Finalmente, tenemos que encontrar la manera de que un mundo tan abrumador como el de la internacionalizaci\u00f3n no nos sobrepase. Hay muchas puertas donde llamar y el tiempo es limitado: \u00bfc\u00f3mo saber cu\u00e1les elegir? Para Ramis, la respuesta es dejarse ayudar, confiar en el boca a boca. Contactar con amigas o conocidas que ya hayan dado el primer paso y pedirles consejo. Ver por d\u00f3nde se ha movido aquella compa\u00f1\u00eda que tanto nos gusta y seguirle los pasos. O pedir apoyo a la gente del Llull. Podemos perder mucho tiempo y energ\u00edas buscando a ciegas. La red (palabra que nos ha acompa\u00f1ado durante toda la jornada, y que quiz\u00e1s es su mejor resumen) es la base para que ferias, mercados y circuitos internacionales no nos superen tanto, y para aprender cu\u00e1l es nuestra manera de movernos en ellos. Una palabra que une la misi\u00f3n del Institut Ramon Llull con el esp\u00edritu del Festival Z, que procura que cada a\u00f1o las generaciones de artistas hagan pi\u00f1a. Y que entronca tambi\u00e9n con la voluntad l\u00fadica y relacional de L\u2019\u00daltima Merda. Juntas, no solo somos m\u00e1s fuertes, sino que nos lo podemos pasar mucho mejor.<\/p>\n<p>[\/vc_column_text][vc_gallery el_id=\u00bbgallery-958453445932&#8243; type=\u00bbcarousel\u00bb medias=\u00bb120102&#8243; carousel_lg=\u00bb4&#8243; carousel_md=\u00bb3&#8243; carousel_sm=\u00bb1&#8243; thumb_size=\u00bbone-one\u00bb gutter_size=\u00bb1&#8243; media_items=\u00bbmedia|lightbox|original\u00bb carousel_interval=\u00bb3000&#8243; carousel_navspeed=\u00bb400&#8243; carousel_nav=\u00bbyes\u00bb carousel_nav_skin=\u00bbdark\u00bb carousel_dots=\u00bbyes\u00bb carousel_dots_space=\u00bbyes\u00bb carousel_dots_mobile=\u00bbyes\u00bb stage_padding=\u00bb0&#8243; single_overlay_opacity=\u00bb50&#8243; single_text_anim_type=\u00bbbtt\u00bb single_h_align=\u00bbcenter\u00bb single_padding=\u00bb2&#8243; single_icon=\u00bbfa fa-search3&#8243; single_border=\u00bbyes\u00bb single_css_animation=\u00bbbottom-t-top\u00bb single_animation_delay=\u00bb200&#8243; lbox_caption=\u00bbyes\u00bb no_double_tap=\u00bbyes\u00bb carousel_rtl=\u00bb\u00bb single_title_uppercase=\u00bb\u00bb single_title_bold=\u00bb\u00bb single_title_serif=\u00bb\u00bb onclick=\u00bblink_image\u00bb custom_links_target=\u00bb_self\u00bb items=\u00bbeyI4ODY4X2kiOnsic2luZ2xlX3dpZHRoIjoiNCIsInNpbmdsZV9oZWlnaHQiOiI0In0sIjg4NjJfaSI6eyJzaW5nbGVfd2lkdGgiOiI0Iiwic2luZ2xlX2hlaWdodCI6IjQifSwiODg2MF9pIjp7InNpbmdsZV93aWR0aCI6IjQifX0=\u00bb single_half_padding=\u00bb\u00bb single_no_background=\u00bb\u00bb uncode_shortcode_id=\u00bb164099&#8243;][vc_column_text text_lead=\u00bbsmall\u00bb uncode_shortcode_id=\u00bb936528&#8243; css=\u00bb.vc_custom_1777673033836{margin-top: -10px !important;}\u00bb]<span style=\"font-weight: 400;\">@lultimamerda<\/span>[\/vc_column_text][\/vc_column_inner][\/vc_row_inner][vc_row_inner row_inner_height_percent=\u00bb0&#8243; overlay_alpha=\u00bb50&#8243; gutter_size=\u00bb3&#8243; shift_y=\u00bb0&#8243; z_index=\u00bb0&#8243; desktop_visibility=\u00bbyes\u00bb medium_visibility=\u00bbyes\u00bb mobile_visibility=\u00bbyes\u00bb uncode_shortcode_id=\u00bb180754&#8243;][vc_column_inner column_width_percent=\u00bb100&#8243; gutter_size=\u00bb3&#8243; style=\u00bblight\u00bb overlay_alpha=\u00bb50&#8243; shift_x=\u00bb0&#8243; shift_y=\u00bb0&#8243; shift_y_down=\u00bb0&#8243; z_index=\u00bb0&#8243; medium_width=\u00bb0&#8243; mobile_width=\u00bb0&#8243; width=\u00bb1\/1&#8243; uncode_shortcode_id=\u00bb826328&#8243; css=\u00bb.vc_custom_1743759108655{border-top-width: 1px !important;border-right-width: 1px !important;border-bottom-width: 1px !important;border-left-width: 1px !important;}\u00bb][vc_column_text uncode_shortcode_id=\u00bb170032&#8243;]<\/p>\n<p style=\"font-weight: 400;\"><span style=\"font-weight: 400;\">El passat 18 de mar\u00e7 va tenir lloc una jornada d\u2019intercanvi i aprenentatge mutu sobre internacionalitzaci\u00f3 en arts esc\u00e8niques, coimpulsada per l\u2019<strong>Institut Ramon Llull<\/strong> i el <strong>Festival Z<\/strong> i dinamitzada per <strong>L\u2019\u00daltima Merda Col\u00b7lectiu<\/strong>. L\u2019activitat va durar de les deu del mat\u00ed a les cinc de la tarda (amb brunch incl\u00f2s!), i va comptar amb la participaci\u00f3 especial de <strong>David Marin (Nau Ivanow)<\/strong>, <strong>N\u00faria Ramis (Festival Grec)<\/strong>, <strong>Jordi Duran (Festival MAC i Festival de Nadal de Barcelona &#8211; ICUB)<\/strong> i <strong>Ester Campabadal (ICEC)<\/strong>, aix\u00ed com amb <strong>una desena de companyies i artistes joves<\/strong> vinculades als entorns del Festival Z, l\u2019escola universit\u00e0ria ERAM i la Nau Ivanow.<\/span><\/p>\n<p><span style=\"font-weight: 400;\">Com sol passar amb les activitats de L\u2019\u00daltima Merda, la jornada va comen\u00e7ar movent el cos, al ritme de \u201cLa gira internacional de les dives\u201d, on artistes i programadores, joves i grans, van poder trencar r\u00e0pidament totes les barreres, traient l\u2019estrella que cadascuna duu a dins.<\/span><\/p>\n<p><span style=\"font-weight: 400;\">Amb la samarreta suada i les vergonyes tretes, van engegar la jornada <\/span><b>Teresa Carranza<\/b><span style=\"font-weight: 400;\"> i <\/span><b>Anna Monge<\/b><span style=\"font-weight: 400;\">, de l\u2019\u00c0rea de Creaci\u00f3 de l\u2019Institut Ramon Llull, que van explicar el funcionament de l\u2019Institut i les diferents l\u00ednies de suport que ofereix en l\u2019\u00e0mbit de les arts esc\u00e8niques: suport a la creaci\u00f3, exhibici\u00f3, mobilitat, traducci\u00f3 i subtitulaci\u00f3, a m\u00e9s de resid\u00e8ncies internacionals. Carranza va destacar la import\u00e0ncia que juga tot l\u2019ecosistema teatral en l\u2019\u00e0mbit de la internacionalitzaci\u00f3, la necessitat d\u2019anar a fires i mercats i posar-se en relaci\u00f3.<\/span>[\/vc_column_text][\/vc_column_inner][\/vc_row_inner][vc_row_inner row_inner_height_percent=\u00bb0&#8243; overlay_alpha=\u00bb50&#8243; gutter_size=\u00bb3&#8243; shift_y=\u00bb0&#8243; z_index=\u00bb0&#8243; desktop_visibility=\u00bbyes\u00bb medium_visibility=\u00bbyes\u00bb mobile_visibility=\u00bbyes\u00bb uncode_shortcode_id=\u00bb181618&#8243;][vc_column_inner column_width_percent=\u00bb100&#8243; gutter_size=\u00bb3&#8243; style=\u00bblight\u00bb overlay_alpha=\u00bb50&#8243; shift_x=\u00bb0&#8243; shift_y=\u00bb0&#8243; shift_y_down=\u00bb0&#8243; z_index=\u00bb0&#8243; medium_width=\u00bb0&#8243; mobile_width=\u00bb0&#8243; width=\u00bb1\/4&#8243; uncode_shortcode_id=\u00bb826328&#8243; css=\u00bb.vc_custom_1743759108655{border-top-width: 1px !important;border-right-width: 1px !important;border-bottom-width: 1px !important;border-left-width: 1px !important;}\u00bb][vc_single_image media=\u00bb120045&#8243; media_width_percent=\u00bb100&#8243; css_animation=\u00bbbottom-t-top\u00bb uncode_shortcode_id=\u00bb949371&#8243;][\/vc_column_inner][vc_column_inner width=\u00bb1\/4&#8243;][\/vc_column_inner][vc_column_inner width=\u00bb1\/4&#8243;][\/vc_column_inner][vc_column_inner width=\u00bb1\/4&#8243;][\/vc_column_inner][\/vc_row_inner][vc_row_inner row_inner_height_percent=\u00bb0&#8243; overlay_alpha=\u00bb50&#8243; gutter_size=\u00bb3&#8243; shift_y=\u00bb0&#8243; z_index=\u00bb0&#8243; desktop_visibility=\u00bbyes\u00bb medium_visibility=\u00bbyes\u00bb mobile_visibility=\u00bbyes\u00bb uncode_shortcode_id=\u00bb390279&#8243;][vc_column_inner column_width_percent=\u00bb100&#8243; gutter_size=\u00bb3&#8243; style=\u00bblight\u00bb overlay_alpha=\u00bb50&#8243; shift_x=\u00bb0&#8243; shift_y=\u00bb0&#8243; shift_y_down=\u00bb0&#8243; z_index=\u00bb0&#8243; medium_width=\u00bb0&#8243; mobile_width=\u00bb0&#8243; width=\u00bb1\/1&#8243; uncode_shortcode_id=\u00bb826328&#8243; css=\u00bb.vc_custom_1743759108655{border-top-width: 1px !important;border-right-width: 1px !important;border-bottom-width: 1px !important;border-left-width: 1px !important;}\u00bb][vc_column_text uncode_shortcode_id=\u00bb157592&#8243;]<\/p>\n<p style=\"font-weight: 400;\"><span style=\"font-weight: 400;\">De fet, alguns dels ajuts de l\u2019ICEC, com va explicar Ester Campabadal, cobreixen tamb\u00e9 les despeses derivades de la prospecci\u00f3 (que no exhibici\u00f3, com s\u00ed que ho fa el Llull) a aquests festivals i fires. Compte, que de vegades els ajuts triguen molt a resoldre\u2019s, alg\u00fa diria que potser massa, per\u00f2 \u00e9s el preu a pagar per fer que tot sigui el m\u00e0xim de rigor\u00f3s i objectiu possible. \u201cNo \u00e9s que sigui lent, \u00e9s transparent\u201d, va destacar Monge. Potser el problema de Rodalies tamb\u00e9 \u00e9s una q\u00fcesti\u00f3 de transpar\u00e8ncia, doncs?<\/span><\/p>\n<p>[\/vc_column_text][\/vc_column_inner][\/vc_row_inner][vc_row_inner row_inner_height_percent=\u00bb0&#8243; overlay_alpha=\u00bb50&#8243; gutter_size=\u00bb3&#8243; shift_y=\u00bb0&#8243; z_index=\u00bb0&#8243; desktop_visibility=\u00bbyes\u00bb medium_visibility=\u00bbyes\u00bb mobile_visibility=\u00bbyes\u00bb uncode_shortcode_id=\u00bb550905&#8243;][vc_column_inner column_width_percent=\u00bb100&#8243; gutter_size=\u00bb3&#8243; style=\u00bblight\u00bb overlay_alpha=\u00bb50&#8243; shift_x=\u00bb0&#8243; shift_y=\u00bb0&#8243; shift_y_down=\u00bb0&#8243; z_index=\u00bb0&#8243; medium_width=\u00bb0&#8243; mobile_width=\u00bb0&#8243; width=\u00bb1\/4&#8243; uncode_shortcode_id=\u00bb826328&#8243; css=\u00bb.vc_custom_1743759108655{border-top-width: 1px !important;border-right-width: 1px !important;border-bottom-width: 1px !important;border-left-width: 1px !important;}\u00bb][vc_single_image media=\u00bb120050&#8243; media_width_percent=\u00bb100&#8243; css_animation=\u00bbbottom-t-top\u00bb uncode_shortcode_id=\u00bb995608&#8243;][\/vc_column_inner][vc_column_inner width=\u00bb1\/4&#8243;][\/vc_column_inner][vc_column_inner width=\u00bb1\/4&#8243;][\/vc_column_inner][vc_column_inner width=\u00bb1\/4&#8243;][\/vc_column_inner][\/vc_row_inner][vc_row_inner row_inner_height_percent=\u00bb0&#8243; overlay_alpha=\u00bb50&#8243; gutter_size=\u00bb3&#8243; shift_y=\u00bb0&#8243; z_index=\u00bb0&#8243; desktop_visibility=\u00bbyes\u00bb medium_visibility=\u00bbyes\u00bb mobile_visibility=\u00bbyes\u00bb uncode_shortcode_id=\u00bb499583&#8243;][vc_column_inner column_width_percent=\u00bb100&#8243; gutter_size=\u00bb3&#8243; style=\u00bblight\u00bb overlay_alpha=\u00bb50&#8243; shift_x=\u00bb0&#8243; shift_y=\u00bb0&#8243; shift_y_down=\u00bb0&#8243; z_index=\u00bb0&#8243; medium_width=\u00bb0&#8243; mobile_width=\u00bb0&#8243; width=\u00bb1\/1&#8243; uncode_shortcode_id=\u00bb826328&#8243; css=\u00bb.vc_custom_1743759108655{border-top-width: 1px !important;border-right-width: 1px !important;border-bottom-width: 1px !important;border-left-width: 1px !important;}\u00bb][vc_column_text uncode_shortcode_id=\u00bb114963&#8243;]<\/p>\n<p style=\"font-weight: 400;\"><span style=\"font-weight: 400;\">Tot s\u2019ent\u00e9n millor quan ho poses a prova. Abans de tenir temps d&#8217;oblidar les opcions de subvencions, L&#8217;\u00daltima Merda va proposar el seu cl\u00e0ssic joc d\u2019acreditacions. Totes les assistents van rebien una identitat fict\u00edcia a trav\u00e9s de la qual havien de relacionar-se amb la resta, com si fossin en un mercat real. Companyies ben estramb\u00f2tiques, agents facilitadors de la internacionalitzaci\u00f3 amb noms sospitosament similars a la realitat, i altres festivals i espais d&#8217;arreu del m\u00f3n. Qui fa m\u00e9s vincles, guanya.<\/span><\/p>\n<p>[\/vc_column_text][\/vc_column_inner][\/vc_row_inner][vc_row_inner row_inner_height_percent=\u00bb0&#8243; overlay_alpha=\u00bb50&#8243; gutter_size=\u00bb3&#8243; shift_y=\u00bb0&#8243; z_index=\u00bb0&#8243; desktop_visibility=\u00bbyes\u00bb medium_visibility=\u00bbyes\u00bb mobile_visibility=\u00bbyes\u00bb uncode_shortcode_id=\u00bb586219&#8243;][vc_column_inner column_width_percent=\u00bb100&#8243; gutter_size=\u00bb3&#8243; style=\u00bblight\u00bb overlay_alpha=\u00bb50&#8243; shift_x=\u00bb0&#8243; shift_y=\u00bb0&#8243; shift_y_down=\u00bb0&#8243; z_index=\u00bb0&#8243; medium_width=\u00bb0&#8243; mobile_width=\u00bb0&#8243; width=\u00bb1\/1&#8243; uncode_shortcode_id=\u00bb826328&#8243; css=\u00bb.vc_custom_1743759108655{border-top-width: 1px !important;border-right-width: 1px !important;border-bottom-width: 1px !important;border-left-width: 1px !important;}\u00bb][vc_column_text uncode_shortcode_id=\u00bb158687&#8243;]<\/p>\n<p style=\"font-weight: 400;\"><b>LA XARXA HO \u00c9S TOT<\/b><\/p>\n<p style=\"font-weight: 400;\"><span style=\"font-weight: 400;\">Internacionalitzar-se \u00e9s clau\u2026 per\u00f2, qu\u00e8 vol dir, ben b\u00e9? A la taula rodona amb David Marin, N\u00faria Ramis i Jordi Duran, els conceptes que m\u00e9s van apar\u00e8ixer van ser honestedat, mercats estrat\u00e8gics i, sobretot, <\/span><b>xarxa<\/b><span style=\"font-weight: 400;\">. Cuidar la xarxa, con\u00e8ixer l\u2019entor, \u00e9s clau per a una bona internacionalitzaci\u00f3. De fet, en aquesta l\u00ednia, Marin distingeix el concepte d\u2019<\/span><b>internacionalitzaci\u00f3 <\/b><span style=\"font-weight: 400;\">del de <\/span><b>mobilitat internacional<\/b><span style=\"font-weight: 400;\">. El primer t\u00e9 relaci\u00f3 amb cuidar aquesta xarxa, fomentar espais de cura i d\u2019aprenentatge, treballar amb estrat\u00e8gia i escoltant cada territori; el segon, en canvi, suposa nom\u00e9s buscar bolos a l\u2019estranger. Per a Marin, \u201cno has d\u2019anar a mercats i festivals esperant vendre bolos, sin\u00f3 que s\u00f3n els espais de cura, d\u2019enamorar-se, de con\u00e8ixer gent, per despr\u00e9s m\u00e9s endavant ja parlar de col\u00b7laboracions\u201d. La clauen aquests entorns? La const\u00e0ncia.<\/span><\/p>\n<p>[\/vc_column_text][\/vc_column_inner][\/vc_row_inner][vc_row_inner row_inner_height_percent=\u00bb0&#8243; overlay_alpha=\u00bb50&#8243; gutter_size=\u00bb3&#8243; shift_y=\u00bb0&#8243; z_index=\u00bb0&#8243; desktop_visibility=\u00bbyes\u00bb medium_visibility=\u00bbyes\u00bb mobile_visibility=\u00bbyes\u00bb uncode_shortcode_id=\u00bb107207&#8243;][vc_column_inner column_width_percent=\u00bb100&#8243; gutter_size=\u00bb3&#8243; style=\u00bblight\u00bb overlay_alpha=\u00bb50&#8243; shift_x=\u00bb0&#8243; shift_y=\u00bb0&#8243; shift_y_down=\u00bb0&#8243; z_index=\u00bb0&#8243; medium_width=\u00bb0&#8243; mobile_width=\u00bb0&#8243; width=\u00bb1\/4&#8243; uncode_shortcode_id=\u00bb826328&#8243; css=\u00bb.vc_custom_1743759108655{border-top-width: 1px !important;border-right-width: 1px !important;border-bottom-width: 1px !important;border-left-width: 1px !important;}\u00bb][vc_single_image media=\u00bb120072&#8243; media_width_percent=\u00bb100&#8243; css_animation=\u00bbbottom-t-top\u00bb uncode_shortcode_id=\u00bb547426&#8243;][\/vc_column_inner][vc_column_inner width=\u00bb1\/4&#8243;][\/vc_column_inner][vc_column_inner width=\u00bb1\/4&#8243;][\/vc_column_inner][vc_column_inner width=\u00bb1\/4&#8243;][\/vc_column_inner][\/vc_row_inner][vc_row_inner row_inner_height_percent=\u00bb0&#8243; overlay_alpha=\u00bb50&#8243; gutter_size=\u00bb3&#8243; shift_y=\u00bb0&#8243; z_index=\u00bb0&#8243; desktop_visibility=\u00bbyes\u00bb medium_visibility=\u00bbyes\u00bb mobile_visibility=\u00bbyes\u00bb uncode_shortcode_id=\u00bb392712&#8243;][vc_column_inner column_width_percent=\u00bb100&#8243; gutter_size=\u00bb3&#8243; style=\u00bblight\u00bb overlay_alpha=\u00bb50&#8243; shift_x=\u00bb0&#8243; shift_y=\u00bb0&#8243; shift_y_down=\u00bb0&#8243; z_index=\u00bb0&#8243; medium_width=\u00bb0&#8243; mobile_width=\u00bb0&#8243; width=\u00bb1\/1&#8243; uncode_shortcode_id=\u00bb826328&#8243; css=\u00bb.vc_custom_1743759108655{border-top-width: 1px !important;border-right-width: 1px !important;border-bottom-width: 1px !important;border-left-width: 1px !important;}\u00bb][vc_column_text uncode_shortcode_id=\u00bb138499&#8243;]<span style=\"font-weight: 400;\">Evidentment que hi ha projectes m\u00e9s f\u00e0cils d\u2019internacionalitzar que d\u2019altres (un exemple s\u00f3n les propostes de dansa i circ, que normalment no tenen text i no necessiten traducci\u00f3), per\u00f2 Ramis destaca que al m\u00f3n hi ha inter\u00e8s per con\u00e8ixer el que passa aqu\u00ed. I la llengua, de vegades pot ser una barrera m\u00e9s a casa nostra que a Europa, on estan acostumats a llegir sobret\u00edtols. La creadora Llucia Cerd\u00e0, de la companyia Sa Vorera des Tass\u00f3, comparteix que el dialecte balear, que li havia suposat una barrera en la seva formaci\u00f3 a Barcelona, no t\u00e9 per qu\u00e8 ser cap obstacle afegit a l\u2019altra punta del m\u00f3n, on tant els fa llegir sobret\u00edtols d\u2019una cosa o d\u2019una altra.<\/span>[\/vc_column_text][\/vc_column_inner][\/vc_row_inner][vc_row_inner row_inner_height_percent=\u00bb0&#8243; overlay_alpha=\u00bb50&#8243; gutter_size=\u00bb3&#8243; shift_y=\u00bb0&#8243; z_index=\u00bb0&#8243; desktop_visibility=\u00bbyes\u00bb medium_visibility=\u00bbyes\u00bb mobile_visibility=\u00bbyes\u00bb uncode_shortcode_id=\u00bb480629&#8243;][vc_column_inner column_width_percent=\u00bb100&#8243; gutter_size=\u00bb3&#8243; style=\u00bblight\u00bb overlay_alpha=\u00bb50&#8243; shift_x=\u00bb0&#8243; shift_y=\u00bb0&#8243; shift_y_down=\u00bb0&#8243; z_index=\u00bb0&#8243; medium_width=\u00bb0&#8243; mobile_width=\u00bb0&#8243; width=\u00bb1\/4&#8243; uncode_shortcode_id=\u00bb826328&#8243; css=\u00bb.vc_custom_1743759108655{border-top-width: 1px !important;border-right-width: 1px !important;border-bottom-width: 1px !important;border-left-width: 1px !important;}\u00bb][vc_single_image media=\u00bb120077&#8243; media_width_percent=\u00bb100&#8243; css_animation=\u00bbbottom-t-top\u00bb uncode_shortcode_id=\u00bb169994&#8243;][\/vc_column_inner][vc_column_inner width=\u00bb1\/4&#8243;][\/vc_column_inner][vc_column_inner width=\u00bb1\/4&#8243;][\/vc_column_inner][vc_column_inner width=\u00bb1\/4&#8243;][\/vc_column_inner][\/vc_row_inner][vc_row_inner row_inner_height_percent=\u00bb0&#8243; overlay_alpha=\u00bb50&#8243; gutter_size=\u00bb3&#8243; shift_y=\u00bb0&#8243; z_index=\u00bb0&#8243; desktop_visibility=\u00bbyes\u00bb medium_visibility=\u00bbyes\u00bb mobile_visibility=\u00bbyes\u00bb uncode_shortcode_id=\u00bb735294&#8243;][vc_column_inner column_width_percent=\u00bb100&#8243; gutter_size=\u00bb3&#8243; style=\u00bblight\u00bb overlay_alpha=\u00bb50&#8243; shift_x=\u00bb0&#8243; shift_y=\u00bb0&#8243; shift_y_down=\u00bb0&#8243; z_index=\u00bb0&#8243; medium_width=\u00bb0&#8243; mobile_width=\u00bb0&#8243; width=\u00bb1\/1&#8243; uncode_shortcode_id=\u00bb826328&#8243; css=\u00bb.vc_custom_1743759108655{border-top-width: 1px !important;border-right-width: 1px !important;border-bottom-width: 1px !important;border-left-width: 1px !important;}\u00bb][vc_column_text uncode_shortcode_id=\u00bb152031&#8243;]<span style=\"font-weight: 400;\">Cal fer atenci\u00f3 a cada territori, destaca Duran \u201cel que aqu\u00ed funciona en teatre de carrer potser no funciona al Regne Unit, per\u00f2 s\u00ed a Fran\u00e7a\u201d. Con\u00e8ixer l\u2019altre \u00e9s cabdal, afegiran Carranza i Campabadal m\u00e9s tard, hem de saber qui \u00e9s el nostre interlocutor, quins interessos t\u00e9, i tenir ganes de dialogar-hi, m\u00e9s enll\u00e0 de vendre el nostre projecte. Prepara les reunions i no anar a cegues.<\/span>[\/vc_column_text][\/vc_column_inner][\/vc_row_inner][vc_row_inner row_inner_height_percent=\u00bb0&#8243; overlay_alpha=\u00bb50&#8243; gutter_size=\u00bb3&#8243; shift_y=\u00bb0&#8243; z_index=\u00bb0&#8243; desktop_visibility=\u00bbyes\u00bb medium_visibility=\u00bbyes\u00bb mobile_visibility=\u00bbyes\u00bb uncode_shortcode_id=\u00bb947301&#8243;][vc_column_inner column_width_percent=\u00bb100&#8243; gutter_size=\u00bb3&#8243; style=\u00bblight\u00bb overlay_alpha=\u00bb50&#8243; shift_x=\u00bb0&#8243; shift_y=\u00bb0&#8243; shift_y_down=\u00bb0&#8243; z_index=\u00bb0&#8243; medium_width=\u00bb0&#8243; mobile_width=\u00bb0&#8243; width=\u00bb1\/4&#8243; uncode_shortcode_id=\u00bb826328&#8243; css=\u00bb.vc_custom_1743759108655{border-top-width: 1px !important;border-right-width: 1px !important;border-bottom-width: 1px !important;border-left-width: 1px !important;}\u00bb][vc_single_image media=\u00bb120082&#8243; media_width_percent=\u00bb100&#8243; css_animation=\u00bbbottom-t-top\u00bb uncode_shortcode_id=\u00bb132370&#8243;][\/vc_column_inner][vc_column_inner width=\u00bb1\/4&#8243;][\/vc_column_inner][vc_column_inner width=\u00bb1\/4&#8243;][\/vc_column_inner][vc_column_inner width=\u00bb1\/4&#8243;][\/vc_column_inner][\/vc_row_inner][\/vc_column][\/vc_row][vc_row][vc_column column_width_percent=\u00bb100&#8243; gutter_size=\u00bb0&#8243; overlay_alpha=\u00bb50&#8243; shift_x=\u00bb0&#8243; shift_y=\u00bb0&#8243; shift_y_down=\u00bb0&#8243; z_index=\u00bb0&#8243; medium_width=\u00bb0&#8243; mobile_width=\u00bb0&#8243; width=\u00bb1\/1&#8243; uncode_shortcode_id=\u00bb143780&#8243;][vc_empty_space empty_h=\u00bb2&#8243;][\/vc_column][\/vc_row]<\/p>\n<\/div>","protected":false},"excerpt":{"rendered":"<p>[vc_row unlock_row=\u00bb\u00bb row_height_percent=\u00bb0&#8243; override_padding=\u00bbyes\u00bb h_padding=\u00bb3&#8243; top_padding=\u00bb0&#8243; bottom_padding=\u00bb0&#8243; overlay_alpha=\u00bb50&#8243; equal_height=\u00bbyes\u00bb gutter_size=\u00bb4&#8243; column_width_percent=\u00bb100&#8243; shift_y=\u00bb0&#8243; z_index=\u00bb0&#8243; el_class=\u00bbinverted-device-order\u00bb uncode_shortcode_id=\u00bb142871&#8243;][vc_column column_width_percent=\u00bb100&#8243; position_horizontal=\u00bbleft\u00bb gutter_size=\u00bb3&#8243; style=\u00bblight\u00bb overlay_alpha=\u00bb50&#8243; [&hellip;]<\/p>\n","protected":false},"author":5,"featured_media":120038,"comment_status":"closed","ping_status":"closed","sticky":false,"template":"","format":"standard","meta":{"_acf_changed":false,"_monsterinsights_skip_tracking":false,"_monsterinsights_sitenote_active":false,"_monsterinsights_sitenote_note":"","_monsterinsights_sitenote_category":0,"footnotes":""},"categories":[72,117],"tags":[],"class_list":["post-120116","post","type-post","status-publish","format-standard","has-post-thumbnail","hentry","category-sin-categorizar","category-noticia"],"acf":[],"aioseo_notices":[],"_links":{"self":[{"href":"https:\/\/www.festivalz.org\/es\/wp-json\/wp\/v2\/posts\/120116","targetHints":{"allow":["GET"]}}],"collection":[{"href":"https:\/\/www.festivalz.org\/es\/wp-json\/wp\/v2\/posts"}],"about":[{"href":"https:\/\/www.festivalz.org\/es\/wp-json\/wp\/v2\/types\/post"}],"author":[{"embeddable":true,"href":"https:\/\/www.festivalz.org\/es\/wp-json\/wp\/v2\/users\/5"}],"replies":[{"embeddable":true,"href":"https:\/\/www.festivalz.org\/es\/wp-json\/wp\/v2\/comments?post=120116"}],"version-history":[{"count":7,"href":"https:\/\/www.festivalz.org\/es\/wp-json\/wp\/v2\/posts\/120116\/revisions"}],"predecessor-version":[{"id":120123,"href":"https:\/\/www.festivalz.org\/es\/wp-json\/wp\/v2\/posts\/120116\/revisions\/120123"}],"wp:featuredmedia":[{"embeddable":true,"href":"https:\/\/www.festivalz.org\/es\/wp-json\/wp\/v2\/media\/120038"}],"wp:attachment":[{"href":"https:\/\/www.festivalz.org\/es\/wp-json\/wp\/v2\/media?parent=120116"}],"wp:term":[{"taxonomy":"category","embeddable":true,"href":"https:\/\/www.festivalz.org\/es\/wp-json\/wp\/v2\/categories?post=120116"},{"taxonomy":"post_tag","embeddable":true,"href":"https:\/\/www.festivalz.org\/es\/wp-json\/wp\/v2\/tags?post=120116"}],"curies":[{"name":"wp","href":"https:\/\/api.w.org\/{rel}","templated":true}]}}