{"id":119386,"date":"2025-11-05T03:08:26","date_gmt":"2025-11-05T01:08:26","guid":{"rendered":"https:\/\/www.festivalz.org\/?p=119386"},"modified":"2025-11-05T03:39:11","modified_gmt":"2025-11-05T01:39:11","slug":"el-canal-coproducira-cada-ano-dos-proyectos-escenicos-participantes-en-el-festival-z","status":"publish","type":"post","link":"https:\/\/www.festivalz.org\/es\/el-canal-coproducira-cada-ano-dos-proyectos-escenicos-participantes-en-el-festival-z\/","title":{"rendered":"El Canal coproducir\u00e1, cada a\u00f1o, dos proyectos esc\u00e9nicos participantes en el Festival Z"},"content":{"rendered":"<div class=\"wpb-content-wrapper\"><p>[vc_row unlock_row=\u00bb\u00bb row_height_percent=\u00bb0&#8243; override_padding=\u00bbyes\u00bb h_padding=\u00bb3&#8243; top_padding=\u00bb0&#8243; bottom_padding=\u00bb0&#8243; overlay_alpha=\u00bb50&#8243; equal_height=\u00bbyes\u00bb gutter_size=\u00bb4&#8243; column_width_percent=\u00bb100&#8243; shift_y=\u00bb0&#8243; z_index=\u00bb0&#8243; el_class=\u00bbinverted-device-order\u00bb uncode_shortcode_id=\u00bb142871&#8243;][vc_column column_width_percent=\u00bb100&#8243; position_horizontal=\u00bbleft\u00bb gutter_size=\u00bb3&#8243; style=\u00bblight\u00bb overlay_alpha=\u00bb50&#8243; shift_x=\u00bb0&#8243; shift_y=\u00bb0&#8243; shift_y_down=\u00bb0&#8243; z_index=\u00bb0&#8243; medium_width=\u00bb0&#8243; mobile_width=\u00bb0&#8243; width=\u00bb1\/1&#8243; uncode_shortcode_id=\u00bb146938&#8243;][vc_empty_space empty_h=\u00bb1&#8243;][vc_column_text text_color=\u00bbcolor-jevc\u00bb uncode_shortcode_id=\u00bb156473&#8243; css=\u00bb.vc_custom_1762305543029{margin-bottom: -25px !important;}\u00bb text_color_type=\u00bbuncode-palette\u00bb]<\/p>\n<h1><b>El Canal coproducir\u00e1, cada a\u00f1o, dos proyectos esc\u00e9nicos participantes en el Festival Z<\/b><\/h1>\n<p>[\/vc_column_text][vc_column_text text_color=\u00bbaccent\u00bb uncode_shortcode_id=\u00bb122159&#8243; css=\u00bb.vc_custom_1762304248313{margin-bottom: -25px !important;}\u00bb text_color_type=\u00bbuncode-palette\u00bb]<\/p>\n<h5 style=\"color: #ff00ce;\"><b>05.11.25<\/b><\/h5>\n<p>[\/vc_column_text][vc_separator sep_color=\u00bb\u00bb uncode_shortcode_id=\u00bb328163&#8243; el_width=\u00bb100%\u00bb el_height=\u00bb1px\u00bb][vc_row_inner][vc_column_inner column_width_percent=\u00bb100&#8243; gutter_size=\u00bb3&#8243; style=\u00bblight\u00bb overlay_alpha=\u00bb50&#8243; shift_x=\u00bb0&#8243; shift_y=\u00bb0&#8243; shift_y_down=\u00bb0&#8243; z_index=\u00bb0&#8243; medium_width=\u00bb0&#8243; mobile_width=\u00bb0&#8243; width=\u00bb1\/1&#8243; uncode_shortcode_id=\u00bb826328&#8243; css=\u00bb.vc_custom_1743759108655{border-top-width: 1px !important;border-right-width: 1px !important;border-bottom-width: 1px !important;border-left-width: 1px !important;}\u00bb][vc_column_text uncode_shortcode_id=\u00bb172627&#8243;]<\/p>\n<p style=\"font-weight: 400;\"><span style=\"font-weight: 400;\">El Centro de Creaci\u00f3n de Artes Esc\u00e9nicas El Canal y el Festival Z unen fuerzas para impulsar la creaci\u00f3n emergente. A partir de ahora, El Canal coproducir\u00e1 cada a\u00f1o dos de los proyectos esc\u00e9nicos participantes en el Festival Z, a trav\u00e9s del nuevo programa \u201c<em>Emergents \u2013 Impuls Esc\u00e8nic<\/em>\u201d, una iniciativa destinada a acompa\u00f1ar y asesorar los procesos de creaci\u00f3n para que puedan desarrollarse en condiciones profesionales.<\/span><\/p>\n<p style=\"font-weight: 400;\"><span style=\"font-weight: 400;\">Con este acuerdo, ambas instituciones reafirman su complicidad en la detecci\u00f3n de talento y la profesionalizaci\u00f3n de nuevas voces esc\u00e9nicas, y contribuyen a garantizar el relevo generacional dentro del sector. El programa ofrecer\u00e1 recursos econ\u00f3micos, espacios de trabajo y un acompa\u00f1amiento art\u00edstico, t\u00e9cnico y de producci\u00f3n adaptado a cada proyecto.<\/span><\/p>\n<p style=\"font-weight: 400;\"><span style=\"font-weight: 400;\">Seg\u00fan Xavi D\u00edaz, director gerente de El Canal, \u00abesta colaboraci\u00f3n nos permite dar un paso m\u00e1s en el apoyo a la creaci\u00f3n contempor\u00e1nea de nuestro entorno, conectando el talento emergente con estructuras profesionales como las que tenemos en El Canal, con el objetivo de fortalecer estas compa\u00f1\u00edas\u00bb. D\u00edaz asegura que se trata de \u00abuna apuesta por la continuidad, la calidad y la red territorial\u00bb fruto de la complicidad establecida con el Festival Z desde sus inicios.<\/span><\/p>\n<p style=\"font-weight: 400;\"><span style=\"font-weight: 400;\">Para Eva Ferr\u00e9, directora del Festival Z, \u00abeste acuerdo es una oportunidad para dar recorrido a los proyectos que nacen en nuestro festival. Es una forma de cuidar los procesos creativos y garantizar que las propuestas j\u00f3venes tengan espacios donde madurar y compartirse con el p\u00fablico\u00bb.<\/span><\/p>\n<p style=\"font-weight: 400;\"><span style=\"font-weight: 400;\">Las primeras compa\u00f1\u00edas seleccionadas dentro del programa \u201c<em>Emergents \u2013 Impuls Esc\u00e8nic<\/em>\u201d son Col\u00b7lectiu Alipori y La Ventura.<\/span><\/p>\n<p style=\"font-weight: 400;\"><span style=\"font-weight: 400;\">El Col\u00b7lectiu Alipori, formado por Paula Benito, Ainhoa Osuna y Celia Garc\u00eda de la Plaza, presenta <\/span><i><span style=\"font-weight: 400;\">VERECUNDIA<\/span><\/i><span style=\"font-weight: 400;\">, una pieza que convierte la verg\u00fcenza en materia esc\u00e9nica. Tres cuerpos femeninos exploran los l\u00edmites del rid\u00edculo, la fragilidad y la exposici\u00f3n p\u00fablica en un juego entre la intimidad y la mirada externa. El proyecto parte del <\/span><i><span style=\"font-weight: 400;\">clown<\/span><\/i><span style=\"font-weight: 400;\"> como lenguaje expresivo y deriva hacia una <\/span><i><span style=\"font-weight: 400;\">performance<\/span><\/i><span style=\"font-weight: 400;\"> emocional donde la vulnerabilidad se convierte en motor creativo.<\/span><\/p>\n<p style=\"font-weight: 400;\"><span style=\"font-weight: 400;\">Por su parte, La Ventura presenta <\/span><i><span style=\"font-weight: 400;\">DIMONIS<\/span><\/i><span style=\"font-weight: 400;\">, un proyecto de Guillem S\u00e1nchez Garcia, con Maria Oliver y Enric Verdaguer, que propone un encuentro entre ritual, concierto y liturgia esc\u00e9nica. Inspir\u00e1ndose en autores como Verdaguer, Palau i Fabre, Maragall o Rodoreda, la pieza convoca las palabras que encienden el misterio para explorar la fuerza del lenguaje al decir lo indecible. Se trata de una experiencia colectiva y f\u00edsica, con escenograf\u00eda compartida y m\u00fasica en directo.<\/span><\/p>\n<p style=\"font-weight: 400;\"><span style=\"font-weight: 400;\">A lo largo del curso, las compa\u00f1\u00edas disfrutar\u00e1n de residencias de creaci\u00f3n, muestras abiertas y una aportaci\u00f3n econ\u00f3mica de hasta 10.000 \u20ac. El programa se completar\u00e1 con dos coproducciones m\u00e1s que se anunciar\u00e1n pr\u00f3ximamente, conformando un total de cuatro proyectos anuales que representar\u00e1n a la nueva generaci\u00f3n de la creaci\u00f3n esc\u00e9nica contempor\u00e1nea.<\/span><\/p>\n<p style=\"font-weight: 400;\"><span style=\"font-weight: 400;\">Con esta iniciativa, El Canal y el Festival Z dan un paso m\u00e1s en el apoyo a la creaci\u00f3n emergente y consolidan una alianza que apuesta por la continuidad, el cuidado y el crecimiento de las j\u00f3venes compa\u00f1\u00edas del territorio.<\/span><\/p>\n<p><img fetchpriority=\"high\" decoding=\"async\" class=\"size-medium wp-image-119390\" src=\"https:\/\/www.festivalz.org\/wp-content\/uploads\/2025\/11\/ElCanal_descriptiu_negre-300x212.png\" alt=\"\" width=\"300\" height=\"212\" srcset=\"https:\/\/www.festivalz.org\/wp-content\/uploads\/2025\/11\/ElCanal_descriptiu_negre-300x212.png 300w, https:\/\/www.festivalz.org\/wp-content\/uploads\/2025\/11\/ElCanal_descriptiu_negre-1024x724.png 1024w, https:\/\/www.festivalz.org\/wp-content\/uploads\/2025\/11\/ElCanal_descriptiu_negre-768x543.png 768w, https:\/\/www.festivalz.org\/wp-content\/uploads\/2025\/11\/ElCanal_descriptiu_negre-1536x1086.png 1536w, https:\/\/www.festivalz.org\/wp-content\/uploads\/2025\/11\/ElCanal_descriptiu_negre-2048x1448.png 2048w, https:\/\/www.festivalz.org\/wp-content\/uploads\/2025\/11\/ElCanal_descriptiu_negre-350x247.png 350w, https:\/\/www.festivalz.org\/wp-content\/uploads\/2025\/11\/ElCanal_descriptiu_negre-scaled.png 2560w\" sizes=\"(max-width: 300px) 100vw, 300px\" \/>[\/vc_column_text][vc_empty_space][vc_gallery el_id=\u00bbgallery-958453445&#8243; type=\u00bbcarousel\u00bb medias=\u00bb119372,119376,119380&#8243; carousel_lg=\u00bb4&#8243; carousel_md=\u00bb3&#8243; carousel_sm=\u00bb1&#8243; thumb_size=\u00bbone-one\u00bb gutter_size=\u00bb1&#8243; media_items=\u00bbmedia|lightbox|original\u00bb carousel_interval=\u00bb3000&#8243; carousel_navspeed=\u00bb400&#8243; carousel_nav=\u00bbyes\u00bb carousel_nav_skin=\u00bbdark\u00bb carousel_dots=\u00bbyes\u00bb carousel_dots_space=\u00bbyes\u00bb carousel_dots_mobile=\u00bbyes\u00bb stage_padding=\u00bb0&#8243; single_overlay_opacity=\u00bb50&#8243; single_text_anim_type=\u00bbbtt\u00bb single_h_align=\u00bbcenter\u00bb single_padding=\u00bb2&#8243; single_icon=\u00bbfa fa-search3&#8243; single_border=\u00bbyes\u00bb single_css_animation=\u00bbbottom-t-top\u00bb single_animation_delay=\u00bb200&#8243; lbox_caption=\u00bbyes\u00bb no_double_tap=\u00bbyes\u00bb carousel_rtl=\u00bb\u00bb single_title_uppercase=\u00bb\u00bb single_title_bold=\u00bb\u00bb single_title_serif=\u00bb\u00bb onclick=\u00bblink_image\u00bb custom_links_target=\u00bb_self\u00bb items=\u00bbeyI4ODY4X2kiOnsic2luZ2xlX3dpZHRoIjoiNCIsInNpbmdsZV9oZWlnaHQiOiI0In0sIjg4NjJfaSI6eyJzaW5nbGVfd2lkdGgiOiI0Iiwic2luZ2xlX2hlaWdodCI6IjQifSwiODg2MF9pIjp7InNpbmdsZV93aWR0aCI6IjQifX0=\u00bb single_half_padding=\u00bb\u00bb single_no_background=\u00bb\u00bb uncode_shortcode_id=\u00bb760465&#8243;][vc_column_text text_lead=\u00bbsmall\u00bb uncode_shortcode_id=\u00bb203636&#8243; css=\u00bb.vc_custom_1762305593837{margin-top: -10px !important;}\u00bb]Foto de Col\u00b7lectiu Alipori \u00a9Kiliam Pina y Pol Naranjo<\/p>\n<p>Fotos de La Ventura \u00a9Roc Pont[\/vc_column_text][\/vc_column_inner][\/vc_row_inner][\/vc_column][\/vc_row][vc_row][vc_column width=\u00bb1\/1&#8243;][vc_empty_space empty_h=\u00bb2&#8243;][\/vc_column][\/vc_row]<\/p>\n<\/div>","protected":false},"excerpt":{"rendered":"<p>[vc_row unlock_row=\u00bb\u00bb row_height_percent=\u00bb0&#8243; override_padding=\u00bbyes\u00bb h_padding=\u00bb3&#8243; top_padding=\u00bb0&#8243; bottom_padding=\u00bb0&#8243; overlay_alpha=\u00bb50&#8243; equal_height=\u00bbyes\u00bb gutter_size=\u00bb4&#8243; column_width_percent=\u00bb100&#8243; shift_y=\u00bb0&#8243; z_index=\u00bb0&#8243; el_class=\u00bbinverted-device-order\u00bb uncode_shortcode_id=\u00bb142871&#8243;][vc_column column_width_percent=\u00bb100&#8243; position_horizontal=\u00bbleft\u00bb gutter_size=\u00bb3&#8243; style=\u00bblight\u00bb overlay_alpha=\u00bb50&#8243; [&hellip;]<\/p>\n","protected":false},"author":3,"featured_media":119375,"comment_status":"closed","ping_status":"closed","sticky":false,"template":"","format":"standard","meta":{"_acf_changed":false,"_monsterinsights_skip_tracking":false,"_monsterinsights_sitenote_active":false,"_monsterinsights_sitenote_note":"","_monsterinsights_sitenote_category":0,"footnotes":""},"categories":[122],"tags":[],"class_list":["post-119386","post","type-post","status-publish","format-standard","has-post-thumbnail","hentry","category-noticia-es"],"acf":[],"aioseo_notices":[],"_links":{"self":[{"href":"https:\/\/www.festivalz.org\/es\/wp-json\/wp\/v2\/posts\/119386","targetHints":{"allow":["GET"]}}],"collection":[{"href":"https:\/\/www.festivalz.org\/es\/wp-json\/wp\/v2\/posts"}],"about":[{"href":"https:\/\/www.festivalz.org\/es\/wp-json\/wp\/v2\/types\/post"}],"author":[{"embeddable":true,"href":"https:\/\/www.festivalz.org\/es\/wp-json\/wp\/v2\/users\/3"}],"replies":[{"embeddable":true,"href":"https:\/\/www.festivalz.org\/es\/wp-json\/wp\/v2\/comments?post=119386"}],"version-history":[{"count":2,"href":"https:\/\/www.festivalz.org\/es\/wp-json\/wp\/v2\/posts\/119386\/revisions"}],"predecessor-version":[{"id":119396,"href":"https:\/\/www.festivalz.org\/es\/wp-json\/wp\/v2\/posts\/119386\/revisions\/119396"}],"wp:featuredmedia":[{"embeddable":true,"href":"https:\/\/www.festivalz.org\/es\/wp-json\/wp\/v2\/media\/119375"}],"wp:attachment":[{"href":"https:\/\/www.festivalz.org\/es\/wp-json\/wp\/v2\/media?parent=119386"}],"wp:term":[{"taxonomy":"category","embeddable":true,"href":"https:\/\/www.festivalz.org\/es\/wp-json\/wp\/v2\/categories?post=119386"},{"taxonomy":"post_tag","embeddable":true,"href":"https:\/\/www.festivalz.org\/es\/wp-json\/wp\/v2\/tags?post=119386"}],"curies":[{"name":"wp","href":"https:\/\/api.w.org\/{rel}","templated":true}]}}